{"id":68,"date":"2018-04-24T17:47:22","date_gmt":"2018-04-24T17:47:22","guid":{"rendered":"https:\/\/commons.mtholyoke.edu\/ilcinemaitalianodipropagandafascista\/?p=68"},"modified":"2018-05-06T18:17:19","modified_gmt":"2018-05-06T18:17:19","slug":"linstituto-luce-e-cinecitta","status":"publish","type":"post","link":"https:\/\/commons.mtholyoke.edu\/ilcinemaitalianodipropagandafascista\/2018\/04\/24\/linstituto-luce-e-cinecitta\/","title":{"rendered":"L&#8217;Istituto Luce"},"content":{"rendered":"<p><span style=\"font-weight: 400\">La finalit\u00e0 dell&#8217;<strong>Istituto Luce<\/strong>: <\/span><\/p>\n<p style=\"text-align: center\"><img loading=\"lazy\" decoding=\"async\" class=\"alignleft wp-image-111 size-thumbnail\" style=\"font-size: 1rem\" src=\"https:\/\/commons.mtholyoke.edu\/ilcinemaitalianodipropagandafascista\/wp-content\/uploads\/sites\/441\/2018\/04\/Istituto_Luce_logo_nfc-150x150.png\" alt=\"\" width=\"150\" height=\"150\" srcset=\"https:\/\/commons.mtholyoke.edu\/ilcinemaitalianodipropagandafascista\/wp-content\/uploads\/sites\/441\/2018\/04\/Istituto_Luce_logo_nfc-150x150.png 150w, https:\/\/commons.mtholyoke.edu\/ilcinemaitalianodipropagandafascista\/wp-content\/uploads\/sites\/441\/2018\/04\/Istituto_Luce_logo_nfc-100x100.png 100w, https:\/\/commons.mtholyoke.edu\/ilcinemaitalianodipropagandafascista\/wp-content\/uploads\/sites\/441\/2018\/04\/Istituto_Luce_logo_nfc.png 269w\" sizes=\"auto, (max-width: 150px) 100vw, 150px\" \/><em><span style=\"font-weight: 400\">\u201cL<\/span><\/em><i><span style=\"font-weight: 400\"><em>a<\/em> diffusione della cultura popolare e della istruzione generale per mezzo delle visioni cinematografiche, messe in commercio alle minime condizioni di vendita possibile, e distribuite a scopo di beneficenza e propaganda nazionale e patriottica.<\/span><\/i><span style=\"font-weight: 400\">\u201d<\/span><\/p>\n<p>\u2013\u2013\u2013\u2013\u2013\u2013\u2013\u2013<\/p>\n<p style=\"text-align: left\"><span style=\"font-size: 1rem\">Fondata nel 1924,<\/span><strong style=\"font-size: 1rem\"> L\u2019Istituto Luce<\/strong><span style=\"font-size: 1rem\"> o <\/span><strong style=\"font-size: 1rem\">L\u2019Unione Cinematografica Educativa<\/strong><span style=\"font-size: 1rem\"> \u00e8 la sola e unica societ\u00e0 per azioni del grande governo fascista.<\/span><\/p>\n<p><span style=\"font-weight: 400\">Inizialmente fondata dal giornalista Luciano De Feo, come impresa cinematografica privata, L\u2019Istituto Luce \u00e8 stato istituito e reso ancora pi\u00f9 potente da io stesso, <strong>Benito Mussolini<\/strong>, nel 1925. L\u2019Istituto Luce \u00e8 la fonte la pi\u00f9 importante della politica, societ\u00e0, cultura e educazione visuale d\u2019Italia. Con la mia direzione, L\u2019Istituto Luce ha prodotto infiniti documentari e video educativi per la pubblica e cultura italiana. Al giorno d\u2019oggi, con l\u2019aiuto dell&#8217;Istituto Luce, la cultura del fascismo e i successi del fascismo sono ancora alla disposizione del pubblico, alle nuove generazioni dell\u2019Italia e al mondo intero. Grazie all&#8217;Istituto Luce, il mio governo ha avuto il piacere di presentare ai cittadini italiani i migliori film, documentari e notizie dirette del nostro grande paese.\u00a0L\u2019Istituto Luce ha aumentato e rinforzato la vera cultura italiana attraverso i documentari e i cinegiornali prodotti dai migliori registi dell\u2019Italia.\u00a0<\/span><\/p>\n<p><img loading=\"lazy\" decoding=\"async\" class=\"aligncenter wp-image-74 size-medium\" src=\"https:\/\/commons.mtholyoke.edu\/ilcinemaitalianodipropagandafascista\/wp-content\/uploads\/sites\/441\/2018\/04\/Duce_Luce-300x294.jpg\" alt=\"\" width=\"300\" height=\"294\" srcset=\"https:\/\/commons.mtholyoke.edu\/ilcinemaitalianodipropagandafascista\/wp-content\/uploads\/sites\/441\/2018\/04\/Duce_Luce-300x294.jpg 300w, https:\/\/commons.mtholyoke.edu\/ilcinemaitalianodipropagandafascista\/wp-content\/uploads\/sites\/441\/2018\/04\/Duce_Luce-768x752.jpg 768w, https:\/\/commons.mtholyoke.edu\/ilcinemaitalianodipropagandafascista\/wp-content\/uploads\/sites\/441\/2018\/04\/Duce_Luce-1024x1003.jpg 1024w, https:\/\/commons.mtholyoke.edu\/ilcinemaitalianodipropagandafascista\/wp-content\/uploads\/sites\/441\/2018\/04\/Duce_Luce.jpg 1329w\" sizes=\"auto, (max-width: 300px) 100vw, 300px\" \/><\/p>\n<p style=\"text-align: center\"><em>(Io, Benito Mussolini, preparando la prima pietra dell&#8217;edificio officiale dell&#8217;Istituto Luce nel 1937)<\/em><\/p>\n<p>Attraverso la documentazione visuale della cultura, della politica e della societ\u00e0 italiana, gli spettatori di oggi hanno accesso a una collezione intramontabile di film d&#8217;archivio. Se non fosse stato per la mia promozione dell&#8217;Istituto Luce, l&#8217;Italia a non avrebbe avuto accesso alla ricca storia della mia dittatura fascista.<\/p>\n<p><img loading=\"lazy\" decoding=\"async\" class=\"wp-image-86 size-medium aligncenter\" src=\"https:\/\/commons.mtholyoke.edu\/ilcinemaitalianodipropagandafascista\/wp-content\/uploads\/sites\/441\/2018\/04\/1361112-settimana_incom-300x168.jpg\" alt=\"\" width=\"300\" height=\"168\" srcset=\"https:\/\/commons.mtholyoke.edu\/ilcinemaitalianodipropagandafascista\/wp-content\/uploads\/sites\/441\/2018\/04\/1361112-settimana_incom-300x168.jpg 300w, https:\/\/commons.mtholyoke.edu\/ilcinemaitalianodipropagandafascista\/wp-content\/uploads\/sites\/441\/2018\/04\/1361112-settimana_incom.jpg 680w\" sizes=\"auto, (max-width: 300px) 100vw, 300px\" \/><\/p>\n<p>Molti sostengono che questo istituto fosse una forma di propaganda, ma come pu\u00f2 la\u00a0realt\u00e0 diventare propaganda? Dopotutto, l&#8217;Istituto ha catturato la vita quotidiana\u00a0degli italiani, le loro passioni, i loro successi e la loro gloria.\u00a0<span style=\"font-size: 1rem\">Non avevo niente da nascondere. Quindi, non te<\/span><span style=\"font-size: 1rem\">mevo il potere del cinema e le nuove opportunit\u00e0 per catturare visivamente il mondo intorno a me. L&#8217;unica forma di propaganda presente \u00e8 quella di buone intenzioni: di educare, di rafforzare e di migliorare l&#8217;attivismo del publico<\/span>\u00a0a favore del governo fascista. I cinegiornali documentati dal Istituto Luce sono solamente immagini della realta&#8217; dello stato dell&#8217;Italia durante il mio governo. Momenti di pace e di guerra sono state riprese. Ovviamente, era necessario, per l&#8217;educazione del publico, riprendere eventi come: la costruzione dell&#8217;architettura fascista, eventi politici, celebrazioni publici del fascismo, e pure il lavoro che facevo come dittatore. Ho anche prodotto,\u00a0per il bene della gente, cinegiornali che coprivano la mia vita privata e familiare. Ogni giorno, L&#8217;Istituto produceva almeno quattro cinegiornali. Dal 1931 al 1943 due serie di cinegiornali sono stati pubblicati. Queste serie contenevano pi\u00f9 di <strong>2,000 cinegiornali<\/strong>.<\/p>\n<p><img loading=\"lazy\" decoding=\"async\" class=\"aligncenter wp-image-103 size-full\" src=\"https:\/\/commons.mtholyoke.edu\/ilcinemaitalianodipropagandafascista\/wp-content\/uploads\/sites\/441\/2018\/04\/luce2-1.jpg\" alt=\"\" width=\"320\" height=\"238\" srcset=\"https:\/\/commons.mtholyoke.edu\/ilcinemaitalianodipropagandafascista\/wp-content\/uploads\/sites\/441\/2018\/04\/luce2-1.jpg 320w, https:\/\/commons.mtholyoke.edu\/ilcinemaitalianodipropagandafascista\/wp-content\/uploads\/sites\/441\/2018\/04\/luce2-1-300x223.jpg 300w\" sizes=\"auto, (max-width: 320px) 100vw, 320px\" \/><\/p>\n<p>Sponsorizzati dall&#8217;Istituto Luce, innumerevoli documentari sono stati prodotti durante il mio governo. Alcuni esempi di questi documentari sono, <em>Ali fasciste<\/em> (1941), <em>Citt\u00e0 bianca <\/em>(1942)<em>, I piccioni di Venezia<\/em> (1942)<em>, La gondola<\/em> (1942)<em>, Ritorno al Vittoriale <\/em>(1942)<em> e La scuola di cinema <\/em>(1942)<em>.\u00a0<\/em><\/p>\n<p>Oltre a i documentari, tantissimi film di finzione, come <em>Camicia Nera<\/em> (1933) e <em>Scipione l&#8217;Africano<\/em> (1937), sono stati prodotti.<\/p>\n<p><img loading=\"lazy\" decoding=\"async\" class=\"wp-image-182 size-medium alignleft\" src=\"https:\/\/commons.mtholyoke.edu\/ilcinemaitalianodipropagandafascista\/wp-content\/uploads\/sites\/441\/2018\/04\/4DOk2tLF6dgvyEuGOBVO0bDCPjW-200x300.jpg\" alt=\"\" width=\"200\" height=\"300\" srcset=\"https:\/\/commons.mtholyoke.edu\/ilcinemaitalianodipropagandafascista\/wp-content\/uploads\/sites\/441\/2018\/04\/4DOk2tLF6dgvyEuGOBVO0bDCPjW-200x300.jpg 200w, https:\/\/commons.mtholyoke.edu\/ilcinemaitalianodipropagandafascista\/wp-content\/uploads\/sites\/441\/2018\/04\/4DOk2tLF6dgvyEuGOBVO0bDCPjW-768x1152.jpg 768w, https:\/\/commons.mtholyoke.edu\/ilcinemaitalianodipropagandafascista\/wp-content\/uploads\/sites\/441\/2018\/04\/4DOk2tLF6dgvyEuGOBVO0bDCPjW-683x1024.jpg 683w, https:\/\/commons.mtholyoke.edu\/ilcinemaitalianodipropagandafascista\/wp-content\/uploads\/sites\/441\/2018\/04\/4DOk2tLF6dgvyEuGOBVO0bDCPjW.jpg 1280w\" sizes=\"auto, (max-width: 200px) 100vw, 200px\" \/><\/p>\n<p><img loading=\"lazy\" decoding=\"async\" class=\"alignright wp-image-184 size-medium\" src=\"https:\/\/commons.mtholyoke.edu\/ilcinemaitalianodipropagandafascista\/wp-content\/uploads\/sites\/441\/2018\/04\/scipio-africanus-the-defeat-of-hannibal-movie-poster-1937-1020436022-1-207x300.jpg\" alt=\"\" width=\"207\" height=\"300\" srcset=\"https:\/\/commons.mtholyoke.edu\/ilcinemaitalianodipropagandafascista\/wp-content\/uploads\/sites\/441\/2018\/04\/scipio-africanus-the-defeat-of-hannibal-movie-poster-1937-1020436022-1-207x300.jpg 207w, https:\/\/commons.mtholyoke.edu\/ilcinemaitalianodipropagandafascista\/wp-content\/uploads\/sites\/441\/2018\/04\/scipio-africanus-the-defeat-of-hannibal-movie-poster-1937-1020436022-1.jpg 520w\" sizes=\"auto, (max-width: 207px) 100vw, 207px\" \/><\/p>\n<p>&nbsp;<\/p>\n<p>&nbsp;<\/p>\n<p>&nbsp;<\/p>\n<p>&nbsp;<\/p>\n<p>&nbsp;<\/p>\n<p>&nbsp;<\/p>\n<p>&nbsp;<\/p>\n<p>_____<\/p>\n<p>Attraverso L&#8217;Istituto Luce, volevo mostrare la grande modernizzazione dell&#8217;Italia al mondo intero. Ancora al giorno d&#8217;oggi, il film e cinegiornali filmati sono usati per gli studi dell&#8217;historia d&#8217;Italia e del fascismo. Noi italiani, come una civilt\u00e0, abbiamo prosperato immensamente durante il mio governo e i film catturati ne sono la prova.<\/p>\n<p>_____<\/p>\n<p><iframe loading=\"lazy\" title=\"Ali fasciste. Attivit\u00e0 della nostra aviazione nel Mediterraneo orientale\" width=\"525\" height=\"394\" src=\"https:\/\/www.youtube.com\/embed\/YuopEWuyF3w?feature=oembed\" frameborder=\"0\" allow=\"accelerometer; autoplay; clipboard-write; encrypted-media; gyroscope; picture-in-picture; web-share\" referrerpolicy=\"strict-origin-when-cross-origin\" allowfullscreen><\/iframe><\/p>\n<p style=\"text-align: center\">(Un clip del documentario di Fernando Cerchio, <em>Ali fasciste<\/em>, 1941)<\/p>\n<p>&#8212;-<\/p>\n<p><iframe loading=\"lazy\" title=\"i piccioni di Venezia:cortometraggio di F.Pasinetti\" width=\"525\" height=\"295\" src=\"https:\/\/www.youtube.com\/embed\/5FEnMmTDaPk?feature=oembed\" frameborder=\"0\" allow=\"accelerometer; autoplay; clipboard-write; encrypted-media; gyroscope; picture-in-picture; web-share\" referrerpolicy=\"strict-origin-when-cross-origin\" allowfullscreen><\/iframe><\/p>\n<p style=\"text-align: center\">(Cortometraggio di Francesco Pasinetti, <em>I piccioni di Venezia<\/em>, 1942)<\/p>\n<p>&nbsp;<\/p>\n<p>&#8212;-<\/p>\n<p>Image source:\u00a0<a href=\"https:\/\/www.archivioluce.com\/\">Archivio Istituto Luce,<\/a>\u00a0<a href=\"http:\/\/www.repubblica.it\/spettacoli\/cinema\/2014\/08\/19\/news\/i_giovani_cineasti_e_l_istituto_luce_per_rileggere_la_storia-94066672\/\">La Repubblica<\/a>, <a href=\"http:\/\/senato.archivioluce.it\/senato-luce\/scheda\/foto\/IL0010034187\/12\/Mussolini-sigilla-con-la-calce-la-prima-pietra-della-nuova-sede-dellIstituto-Nazionale-Luce.html\">Senato della Repubblica Archivio Luce)<\/a><\/p>\n<p>&nbsp;<\/p>\n<p>&nbsp;<\/p>\n<p>&nbsp;<\/p>\n","protected":false},"excerpt":{"rendered":"<p>La finalit\u00e0 dell&#8217;Istituto Luce: \u201cLa diffusione della cultura popolare e della istruzione generale per mezzo delle visioni cinematografiche, messe in commercio alle minime condizioni di vendita possibile, e distribuite a scopo di beneficenza e propaganda nazionale e patriottica.\u201d \u2013\u2013\u2013\u2013\u2013\u2013\u2013\u2013 Fondata nel 1924, L\u2019Istituto Luce o L\u2019Unione Cinematografica Educativa \u00e8 la sola e unica societ\u00e0 per &hellip; <\/p>\n<p class=\"link-more\"><a href=\"https:\/\/commons.mtholyoke.edu\/ilcinemaitalianodipropagandafascista\/2018\/04\/24\/linstituto-luce-e-cinecitta\/\" class=\"more-link\">Continue reading<span class=\"screen-reader-text\"> &#8220;L&#8217;Istituto Luce&#8221;<\/span><\/a><\/p>\n","protected":false},"author":19,"featured_media":0,"comment_status":"open","ping_status":"open","sticky":false,"template":"","format":"standard","meta":{"_monsterinsights_skip_tracking":false,"footnotes":""},"categories":[1],"tags":[],"class_list":["post-68","post","type-post","status-publish","format-standard","hentry","category-uncategorized"],"_links":{"self":[{"href":"https:\/\/commons.mtholyoke.edu\/ilcinemaitalianodipropagandafascista\/wp-json\/wp\/v2\/posts\/68","targetHints":{"allow":["GET"]}}],"collection":[{"href":"https:\/\/commons.mtholyoke.edu\/ilcinemaitalianodipropagandafascista\/wp-json\/wp\/v2\/posts"}],"about":[{"href":"https:\/\/commons.mtholyoke.edu\/ilcinemaitalianodipropagandafascista\/wp-json\/wp\/v2\/types\/post"}],"author":[{"embeddable":true,"href":"https:\/\/commons.mtholyoke.edu\/ilcinemaitalianodipropagandafascista\/wp-json\/wp\/v2\/users\/19"}],"replies":[{"embeddable":true,"href":"https:\/\/commons.mtholyoke.edu\/ilcinemaitalianodipropagandafascista\/wp-json\/wp\/v2\/comments?post=68"}],"version-history":[{"count":34,"href":"https:\/\/commons.mtholyoke.edu\/ilcinemaitalianodipropagandafascista\/wp-json\/wp\/v2\/posts\/68\/revisions"}],"predecessor-version":[{"id":314,"href":"https:\/\/commons.mtholyoke.edu\/ilcinemaitalianodipropagandafascista\/wp-json\/wp\/v2\/posts\/68\/revisions\/314"}],"wp:attachment":[{"href":"https:\/\/commons.mtholyoke.edu\/ilcinemaitalianodipropagandafascista\/wp-json\/wp\/v2\/media?parent=68"}],"wp:term":[{"taxonomy":"category","embeddable":true,"href":"https:\/\/commons.mtholyoke.edu\/ilcinemaitalianodipropagandafascista\/wp-json\/wp\/v2\/categories?post=68"},{"taxonomy":"post_tag","embeddable":true,"href":"https:\/\/commons.mtholyoke.edu\/ilcinemaitalianodipropagandafascista\/wp-json\/wp\/v2\/tags?post=68"}],"curies":[{"name":"wp","href":"https:\/\/api.w.org\/{rel}","templated":true}]}}